{"id":1495,"date":"2015-08-28T16:49:53","date_gmt":"2015-08-28T15:49:53","guid":{"rendered":"http:\/\/tomascano.com\/?p=1495"},"modified":"2015-08-28T16:49:53","modified_gmt":"2015-08-28T15:49:53","slug":"la-mano-2","status":"publish","type":"post","link":"https:\/\/airclass.es\/?p=1495","title":{"rendered":"LA MANO"},"content":{"rendered":"<p>El ni\u00f1o andaba la empinada calle, cogido por la mano de su padre, pr\u00e1cticamente su padre ten\u00eda que tirar de \u00e9l. La calle estaba sin asfaltar, y el ni\u00f1o tropezaba con algunas piedras del camino, acompa\u00f1ado de una respiraci\u00f3n entrecortada, y lagrimas descendiendo por sus mejillas.<br \/>\nEl ni\u00f1o era consciente, de que al final de la calle le esperaba el enorme port\u00f3n, del internado y era consciente que esa era la frontera entre el calor de su padre y la miseria de una educaci\u00f3n, que no comprend\u00eda y nunca lleg\u00f3 a comprender, porque en aquel lugar carec\u00edan de una virtud fundamental de la vida y que es complemento de todas las virtudes, la humanidad. Pero lo peor era no ver a su padre por largo tiempo.. La puerta era azul, tirando a un color plomizo en algunas partes, fruto, del tiempo, la lluvia y el viento.<br \/>\nEl ni\u00f1o se cog\u00eda a la mano de su padre , y por ning\u00fan motivo quer\u00eda soltarla, aunque por la fuerza que imprim\u00eda su progenitor, era tarea imposible. Sab\u00eda que cuando llegara al Hospicio, o internado o lo que aquello fuera, una monja franciscana, lo recoger\u00eda y retendr\u00eda, aun as\u00ed, cuando su padre volv\u00eda la espalda y regresaba de nuevo a bajar la calle, \u00e9l se zafaba, de la mujer de h\u00e1bito y corr\u00eda detr\u00e1s de su padre, sollozando y le cog\u00eda la mano para que lo llevara . Pero el final era siempre el mismo, de nuevo su padre cogi\u00e9ndole con cari\u00f1o lo acercaba hasta d\u00f3nde la vieja monja, le esperaba. Ella esperaba con una sonrisa indescriptible, con la seguridad del que sabe como ser\u00eda el final, de aquellos sollozos y coraz\u00f3n dolido, de un ni\u00f1o m\u00e1s.<br \/>\nHoy ese ni\u00f1o piensa en esa mano m\u00e1s que nunca, la mano de su padre, sus manos , las que siendo mayor besaba con amor el d\u00eda que el anciano padre, part\u00eda de esta vida. Solo se dec\u00eda asimismo ahora si me deja hu\u00e9rfano de sus manos y su coraz\u00f3n, ese coraz\u00f3n que con respiraci\u00f3n entrecortada lo dejaba cuando era ni\u00f1o, en el viejo internado<\/p>\n","protected":false},"excerpt":{"rendered":"<p>El ni\u00f1o andaba la empinada calle, cogido por la mano de su padre, pr\u00e1cticamente su padre ten\u00eda que tirar de \u00e9l. La calle estaba sin asfaltar, y el ni\u00f1o tropezaba con algunas piedras del camino, acompa\u00f1ado de una respiraci\u00f3n entrecortada, y lagrimas descendiendo por sus mejillas. El ni\u00f1o era consciente, de que al final de &hellip; <a href=\"https:\/\/airclass.es\/?p=1495\" class=\"more-link\">Continuar leyendo<span class=\"screen-reader-text\"> &#8220;LA MANO&#8221;<\/span><\/a><\/p>\n","protected":false},"author":2,"featured_media":0,"comment_status":"open","ping_status":"closed","sticky":false,"template":"","format":"standard","meta":{"_mi_skip_tracking":false,"_exactmetrics_sitenote_active":false,"_exactmetrics_sitenote_note":"","_exactmetrics_sitenote_category":0,"footnotes":""},"categories":[1],"tags":[],"_links":{"self":[{"href":"https:\/\/airclass.es\/index.php?rest_route=\/wp\/v2\/posts\/1495"}],"collection":[{"href":"https:\/\/airclass.es\/index.php?rest_route=\/wp\/v2\/posts"}],"about":[{"href":"https:\/\/airclass.es\/index.php?rest_route=\/wp\/v2\/types\/post"}],"author":[{"embeddable":true,"href":"https:\/\/airclass.es\/index.php?rest_route=\/wp\/v2\/users\/2"}],"replies":[{"embeddable":true,"href":"https:\/\/airclass.es\/index.php?rest_route=%2Fwp%2Fv2%2Fcomments&post=1495"}],"version-history":[{"count":0,"href":"https:\/\/airclass.es\/index.php?rest_route=\/wp\/v2\/posts\/1495\/revisions"}],"wp:attachment":[{"href":"https:\/\/airclass.es\/index.php?rest_route=%2Fwp%2Fv2%2Fmedia&parent=1495"}],"wp:term":[{"taxonomy":"category","embeddable":true,"href":"https:\/\/airclass.es\/index.php?rest_route=%2Fwp%2Fv2%2Fcategories&post=1495"},{"taxonomy":"post_tag","embeddable":true,"href":"https:\/\/airclass.es\/index.php?rest_route=%2Fwp%2Fv2%2Ftags&post=1495"}],"curies":[{"name":"wp","href":"https:\/\/api.w.org\/{rel}","templated":true}]}}