{"id":1889,"date":"2016-09-12T21:57:49","date_gmt":"2016-09-12T20:57:49","guid":{"rendered":"http:\/\/tomascano.com\/?p=1889"},"modified":"2016-09-12T21:57:49","modified_gmt":"2016-09-12T20:57:49","slug":"fernando-garcia-valino","status":"publish","type":"post","link":"https:\/\/airclass.es\/?p=1889","title":{"rendered":"FERNANDO GARC\u00cdA VALI\u00d1O"},"content":{"rendered":"<p>Muchos de los hombres que hoy est\u00e1n en l\u00edneas a\u00e9reas probablemente no tienen ni idea de qui\u00e9n fue un gran pionero de la aviaci\u00f3n espa\u00f1ola, personas \u00fanicas que tuvo el incipiente transporte a\u00e9reo espa\u00f1ol, ingeniero aeron\u00e1utico, detr\u00e1s de ese t\u00edtulo se escond\u00eda una gran persona. Hoy se cumplen a\u00f1os de su muerte, mi primer Director General en Hispania l\u00edneas a\u00e9reas. Nunca te olvidare y gracias por permitirme compartir tu vida profesional conmigo. Hoy te dedico estas letras parafraseando a Constantino Kavakis: &#8220;Ni a los lestritones ni a los c\u00edclopes, ni al fiero Poseid\u00f3n hallar\u00e1s nunca, si no los llevas dentro de tu alma, si no es tu alma quien ante ti los pone&#8221; . Tu los hallaste porque tu alma era muy grande para este mundo<\/p>\n","protected":false},"excerpt":{"rendered":"<p>Muchos de los hombres que hoy est\u00e1n en l\u00edneas a\u00e9reas probablemente no tienen ni idea de qui\u00e9n fue un gran pionero de la aviaci\u00f3n espa\u00f1ola, personas \u00fanicas que tuvo el incipiente transporte a\u00e9reo espa\u00f1ol, ingeniero aeron\u00e1utico, detr\u00e1s de ese t\u00edtulo se escond\u00eda una gran persona. Hoy se cumplen a\u00f1os de su muerte, mi primer Director &hellip; <a href=\"https:\/\/airclass.es\/?p=1889\" class=\"more-link\">Continuar leyendo<span class=\"screen-reader-text\"> &#8220;FERNANDO GARC\u00cdA VALI\u00d1O&#8221;<\/span><\/a><\/p>\n","protected":false},"author":2,"featured_media":0,"comment_status":"open","ping_status":"closed","sticky":false,"template":"","format":"standard","meta":{"_mi_skip_tracking":false,"_exactmetrics_sitenote_active":false,"_exactmetrics_sitenote_note":"","_exactmetrics_sitenote_category":0,"footnotes":""},"categories":[1],"tags":[],"_links":{"self":[{"href":"https:\/\/airclass.es\/index.php?rest_route=\/wp\/v2\/posts\/1889"}],"collection":[{"href":"https:\/\/airclass.es\/index.php?rest_route=\/wp\/v2\/posts"}],"about":[{"href":"https:\/\/airclass.es\/index.php?rest_route=\/wp\/v2\/types\/post"}],"author":[{"embeddable":true,"href":"https:\/\/airclass.es\/index.php?rest_route=\/wp\/v2\/users\/2"}],"replies":[{"embeddable":true,"href":"https:\/\/airclass.es\/index.php?rest_route=%2Fwp%2Fv2%2Fcomments&post=1889"}],"version-history":[{"count":0,"href":"https:\/\/airclass.es\/index.php?rest_route=\/wp\/v2\/posts\/1889\/revisions"}],"wp:attachment":[{"href":"https:\/\/airclass.es\/index.php?rest_route=%2Fwp%2Fv2%2Fmedia&parent=1889"}],"wp:term":[{"taxonomy":"category","embeddable":true,"href":"https:\/\/airclass.es\/index.php?rest_route=%2Fwp%2Fv2%2Fcategories&post=1889"},{"taxonomy":"post_tag","embeddable":true,"href":"https:\/\/airclass.es\/index.php?rest_route=%2Fwp%2Fv2%2Ftags&post=1889"}],"curies":[{"name":"wp","href":"https:\/\/api.w.org\/{rel}","templated":true}]}}