{"id":1901,"date":"2016-09-14T14:32:04","date_gmt":"2016-09-14T13:32:04","guid":{"rendered":"http:\/\/tomascano.com\/?p=1901"},"modified":"2016-09-14T14:32:04","modified_gmt":"2016-09-14T13:32:04","slug":"duermevela","status":"publish","type":"post","link":"https:\/\/airclass.es\/?p=1901","title":{"rendered":"DUERMEVELA"},"content":{"rendered":"<p>Que es la vida no m\u00e1s que una vela .Que se enciende cuando nacemos y se apaga, con rapidez, como las velas que encendemos en casa en ocasiones. La vida como la luz de \u00a0la vela nos quema por dentro, hasta que la llama desaparece para dejar un humeante olor a cera. Nos pasamos adem\u00e1s en un duermevela, parte de nuestra vida, \u00e1vidos de cosas , de poder, dinero, a veces cargados de odio . Nos da miedo vivir en cambio tememos a\u00fan m\u00e1s a la muerte, cuando en realidad , la muerte nos ense\u00f1a la vida, nos ense\u00f1a que no somos m\u00e1s que una vela encendida, que por muy grueso que sea su di\u00e1metro, soberbia y alta nos parezca, se apaga y solo resta el perfume de su cera, pero solo por unos breves momentos, desapareciendo para siempre , \u00a0olvidando todos el hecho de que un d\u00eda estuvo encendida<\/p>\n","protected":false},"excerpt":{"rendered":"<p>Que es la vida no m\u00e1s que una vela .Que se enciende cuando nacemos y se apaga, con rapidez, como las velas que encendemos en casa en ocasiones. La vida como la luz de \u00a0la vela nos quema por dentro, hasta que la llama desaparece para dejar un humeante olor a cera. Nos pasamos adem\u00e1s &hellip; <a href=\"https:\/\/airclass.es\/?p=1901\" class=\"more-link\">Continuar leyendo<span class=\"screen-reader-text\"> &#8220;DUERMEVELA&#8221;<\/span><\/a><\/p>\n","protected":false},"author":2,"featured_media":0,"comment_status":"open","ping_status":"closed","sticky":false,"template":"","format":"standard","meta":{"_mi_skip_tracking":false,"_exactmetrics_sitenote_active":false,"_exactmetrics_sitenote_note":"","_exactmetrics_sitenote_category":0,"footnotes":""},"categories":[1],"tags":[],"_links":{"self":[{"href":"https:\/\/airclass.es\/index.php?rest_route=\/wp\/v2\/posts\/1901"}],"collection":[{"href":"https:\/\/airclass.es\/index.php?rest_route=\/wp\/v2\/posts"}],"about":[{"href":"https:\/\/airclass.es\/index.php?rest_route=\/wp\/v2\/types\/post"}],"author":[{"embeddable":true,"href":"https:\/\/airclass.es\/index.php?rest_route=\/wp\/v2\/users\/2"}],"replies":[{"embeddable":true,"href":"https:\/\/airclass.es\/index.php?rest_route=%2Fwp%2Fv2%2Fcomments&post=1901"}],"version-history":[{"count":0,"href":"https:\/\/airclass.es\/index.php?rest_route=\/wp\/v2\/posts\/1901\/revisions"}],"wp:attachment":[{"href":"https:\/\/airclass.es\/index.php?rest_route=%2Fwp%2Fv2%2Fmedia&parent=1901"}],"wp:term":[{"taxonomy":"category","embeddable":true,"href":"https:\/\/airclass.es\/index.php?rest_route=%2Fwp%2Fv2%2Fcategories&post=1901"},{"taxonomy":"post_tag","embeddable":true,"href":"https:\/\/airclass.es\/index.php?rest_route=%2Fwp%2Fv2%2Ftags&post=1901"}],"curies":[{"name":"wp","href":"https:\/\/api.w.org\/{rel}","templated":true}]}}