{"id":59,"date":"2009-11-26T15:37:56","date_gmt":"2009-11-26T14:37:56","guid":{"rendered":"http:\/\/tomascano.wordpress.com\/?p=59"},"modified":"2009-11-26T15:37:56","modified_gmt":"2009-11-26T14:37:56","slug":"no-a-los-hubs","status":"publish","type":"post","link":"https:\/\/airclass.es\/?p=59","title":{"rendered":"No a los &quot;hubs&quot;"},"content":{"rendered":"<p>Recientemente he le\u00eddo en un medio de comunicaci\u00f3n local una informaci\u00f3n sesgada con opiniones que demuestran que una vez m\u00e1s que las mismas vienen dirigidas por grupos pol\u00edticos minoritarios que con una demagogia descarada intentan demonizar la industria aeron\u00e1utica.<br \/>\nEl transporte a\u00e9reo ayuda a desarrollar a regiones y pa\u00edses v\u00eda hubs o cualquier otro medio. Decir que el sector a\u00e9reo con sus emisiones de \u201cCO2\u201d est\u00e1 destrozando el medio ambiente de las islas y no decir que la industria aeron\u00e1utica se propone reducir a cero su emisi\u00f3n de \u201cCO2\u201d en los pr\u00f3ximos 50 a\u00f1os, es informaci\u00f3n para m\u00ed sesgada.<br \/>\nNo cabe duda de que ser\u00e1 necesaria la colaboraci\u00f3n de los gobiernos como de las compa\u00f1\u00edas petroleras que deber\u00e1n invertir en energ\u00edas renovables que puedan ser utilizadas por el transporte a\u00e9reo.<br \/>\nLa reducci\u00f3n de la emisi\u00f3n de \u201cCO2\u201d es uno de los retos m\u00e1s importantes de la industria a\u00e9rea. El objetivo a corto y medio plazo es reducir un 10 por ciento del combustible utilizado por aerol\u00edneas y que \u00e9ste proceda de energ\u00edas renovables, si a esto a\u00f1adimos en materia de accidentes a\u00e9reos el 2006 fue uno de los a\u00f1os mas seguros con un accidente por 1,5 millones de vuelos cifra, que mejora aun m\u00e1s el nivel de seguridad en un accidente por cada dos millones de vuelos.<br \/>\nLas islas necesitan del transporte a\u00e9reo para sostenibilidad y crecimiento, decir lo contrario en base a que la industria aeron\u00e1utica no se preocupa de las emisiones de \u201cCO2\u201d es una estupidez contada por un ignorante.<\/p>\n","protected":false},"excerpt":{"rendered":"<p>Recientemente he le\u00eddo en un medio de comunicaci\u00f3n local una informaci\u00f3n sesgada con opiniones que demuestran que una vez m\u00e1s que las mismas vienen dirigidas por grupos pol\u00edticos minoritarios que con una demagogia descarada intentan demonizar la industria aeron\u00e1utica. El transporte a\u00e9reo ayuda a desarrollar a regiones y pa\u00edses v\u00eda hubs o cualquier otro medio. &hellip; <a href=\"https:\/\/airclass.es\/?p=59\" class=\"more-link\">Continuar leyendo<span class=\"screen-reader-text\"> &#8220;No a los &quot;hubs&quot;&#8221;<\/span><\/a><\/p>\n","protected":false},"author":2,"featured_media":0,"comment_status":"open","ping_status":"closed","sticky":false,"template":"","format":"standard","meta":{"_mi_skip_tracking":false,"_exactmetrics_sitenote_active":false,"_exactmetrics_sitenote_note":"","_exactmetrics_sitenote_category":0,"footnotes":""},"categories":[7],"tags":[25],"_links":{"self":[{"href":"https:\/\/airclass.es\/index.php?rest_route=\/wp\/v2\/posts\/59"}],"collection":[{"href":"https:\/\/airclass.es\/index.php?rest_route=\/wp\/v2\/posts"}],"about":[{"href":"https:\/\/airclass.es\/index.php?rest_route=\/wp\/v2\/types\/post"}],"author":[{"embeddable":true,"href":"https:\/\/airclass.es\/index.php?rest_route=\/wp\/v2\/users\/2"}],"replies":[{"embeddable":true,"href":"https:\/\/airclass.es\/index.php?rest_route=%2Fwp%2Fv2%2Fcomments&post=59"}],"version-history":[{"count":0,"href":"https:\/\/airclass.es\/index.php?rest_route=\/wp\/v2\/posts\/59\/revisions"}],"wp:attachment":[{"href":"https:\/\/airclass.es\/index.php?rest_route=%2Fwp%2Fv2%2Fmedia&parent=59"}],"wp:term":[{"taxonomy":"category","embeddable":true,"href":"https:\/\/airclass.es\/index.php?rest_route=%2Fwp%2Fv2%2Fcategories&post=59"},{"taxonomy":"post_tag","embeddable":true,"href":"https:\/\/airclass.es\/index.php?rest_route=%2Fwp%2Fv2%2Ftags&post=59"}],"curies":[{"name":"wp","href":"https:\/\/api.w.org\/{rel}","templated":true}]}}