{"id":67,"date":"2009-11-26T15:42:52","date_gmt":"2009-11-26T14:42:52","guid":{"rendered":"http:\/\/tomascano.wordpress.com\/?p=67"},"modified":"2009-11-26T15:42:52","modified_gmt":"2009-11-26T14:42:52","slug":"el-piloto","status":"publish","type":"post","link":"https:\/\/airclass.es\/?p=67","title":{"rendered":"El piloto"},"content":{"rendered":"<p>El hombre observ\u00f3 al ni\u00f1o, solo en la sala de espera del aeropuerto, aguardando su vuelo. Cuando el embarque comenz\u00f3, el ni\u00f1o fue colocado al frente de la fila de pasajeros, para entrar y encontrar su asiento antes que los adultos.<br \/>\nAl entrar al avi\u00f3n, el hombre vio que el ni\u00f1o estaba sentado al lado de su asiento. El ni\u00f1o fue cort\u00e9s cuando convers\u00f3 con \u00e9l y enseguida comenz\u00f3 a pasar el tiempo pintando un libro. No demostraba ansiedad o preocupaci\u00f3n con el vuelo, mientras las preparaciones para el despegue estaban siendo realizadas.<br \/>\nDurante el vuelo, el avi\u00f3n entr\u00f3 en una tempestad muy fuerte, lo que lo hizo balancearse como una pluma al viento. La turbulencia y las sacudidas bruscas, asustaron a algunos pasajeros. Pero el ni\u00f1o parec\u00eda encararlo todo con la mayor naturalidad. Una de las pasajeras, sentada del otro lado del pasillo estaba preocupada con todo aquello y pregunt\u00f3 al ni\u00f1o. \u00bfNo tienes miedo? No se\u00f1ora, no tengo miedo, respondi\u00f3 \u00e9l, levantando los ojos r\u00e1pidamente de su libro de pintar. \u00a1Mi padre es el piloto!<br \/>\nExisten situaciones en nuestra vida que nos recuerdan un avi\u00f3n pasando por una fuerte tempestad. Por m\u00e1s que lo intentemos, no conseguimos sentirnos en tierra firme. Tenemos la sensaci\u00f3n de que estamos colgados del aire, sin nada para sostenernos, para asegurarnos, en qu\u00e9 apoyarnos y\u00a0 que nos sirva de socorro. En estas horas debemos recordar con serenidad y confianza que nuestro padre es el piloto.<\/p>\n<div id=\"_mcePaste\" style=\"overflow:hidden;position:absolute;left:-10000px;top:0;width:1px;height:1px;\"><span style=\"font-family:Arial;\"><span style=\"font-size:12pt;\"><span style=\"color:#000000;\"><span style=\"font-family:arial,helvetica,sans-serif;\"><strong>El hombre observ\u00f3 al ni\u00f1o, solo en la sala de espera del aeropuerto<\/strong>, aguardando su vuelo. Cuando el embarque comenz\u00f3, el ni\u00f1o <\/span><\/span><\/span><span style=\"font-size:12pt;\"><span style=\"color:#000000;\"><span style=\"font-family:arial,helvetica,sans-serif;\"><strong>fue colocado al frente de la fila de pasajeros<\/strong>, para entrar y encontrar su asiento antes que los adultos.<br \/>\nAl entrar al avi\u00f3n, el hombre <strong>vio que el ni\u00f1o estaba sentado al lado de su asiento<\/strong>. El ni\u00f1o fue cort\u00e9s cuando convers\u00f3 con \u00e9l y enseguida comenz\u00f3 a pasar el tiempo pintando un libro. N<\/span><\/span><\/span><span style=\"font-size:12pt;\"><span style=\"color:#000000;\"><span style=\"font-family:arial,helvetica,sans-serif;\"><strong>o demostraba ansiedad o preocupaci\u00f3n con el vuelo<\/strong>, mientras las preparaciones para el despegue estaban siendo realizadas.<br \/>\nDurante el vuelo, <strong>el avi\u00f3n entr\u00f3 en una tempestad muy fuerte<\/strong>, lo que lo hizo balancearse como una pluma al viento. La turbulencia y las sacudidas bruscas, asustaron a algunos pasajeros. <strong>Pero el ni\u00f1o parec\u00eda encararlo todo con la mayor naturalidad<\/strong>. <strong>Una de las pasajeras<\/strong>, sentada del otro lado del pasillo estaba preocupada con todo aquello y <strong>pregunt\u00f3 al ni\u00f1o<\/strong>.<\/span><\/span><\/span><span style=\"font-family:Arial;\"><span style=\"font-size:12pt;color:#000000;font-family:arial,helvetica,sans-serif;\"> <\/span><\/span><span style=\"font-size:12pt;\"><span style=\"color:#000000;\"><span style=\"font-family:arial,helvetica,sans-serif;\"><strong>\u00bfNo tienes miedo?<\/strong> <strong>No se\u00f1ora<\/strong>, no tengo miedo, respondi\u00f3 \u00e9l, levantando los ojos r\u00e1pidamente de su libro de pintar. <\/span><\/span><\/span><span style=\"font-size:12pt;\"><span style=\"color:#000000;\"><span style=\"font-family:arial,helvetica,sans-serif;\"><strong>\u00a1Mi padre es el piloto!<br \/>\nExisten situaciones en nuestra vida que nos recuerdan un avi\u00f3n pasando por una fuerte tempestad<\/strong>. Por m\u00e1s que lo intentemos, no conseguimos sentirnos en tierra firme. Tenemos la sensaci\u00f3n de que estamos colgados del aire, sin nada para sostenernos, para asegurarnos, en qu\u00e9 apoyarnos y\u00a0 que nos sirva de socorro. <strong>En estas horas debemos recordar con serenidad y confianza que nuestro padre es el piloto<\/strong>.<\/span><\/span><\/span><\/span><\/div>\n","protected":false},"excerpt":{"rendered":"<p>El hombre observ\u00f3 al ni\u00f1o, solo en la sala de espera del aeropuerto, aguardando su vuelo. Cuando el embarque comenz\u00f3, el ni\u00f1o fue colocado al frente de la fila de pasajeros, para entrar y encontrar su asiento antes que los adultos. Al entrar al avi\u00f3n, el hombre vio que el ni\u00f1o estaba sentado al lado &hellip; <a href=\"https:\/\/airclass.es\/?p=67\" class=\"more-link\">Continuar leyendo<span class=\"screen-reader-text\"> &#8220;El piloto&#8221;<\/span><\/a><\/p>\n","protected":false},"author":2,"featured_media":0,"comment_status":"open","ping_status":"closed","sticky":false,"template":"","format":"standard","meta":{"_mi_skip_tracking":false,"_exactmetrics_sitenote_active":false,"_exactmetrics_sitenote_note":"","_exactmetrics_sitenote_category":0,"footnotes":""},"categories":[12],"tags":[22],"_links":{"self":[{"href":"https:\/\/airclass.es\/index.php?rest_route=\/wp\/v2\/posts\/67"}],"collection":[{"href":"https:\/\/airclass.es\/index.php?rest_route=\/wp\/v2\/posts"}],"about":[{"href":"https:\/\/airclass.es\/index.php?rest_route=\/wp\/v2\/types\/post"}],"author":[{"embeddable":true,"href":"https:\/\/airclass.es\/index.php?rest_route=\/wp\/v2\/users\/2"}],"replies":[{"embeddable":true,"href":"https:\/\/airclass.es\/index.php?rest_route=%2Fwp%2Fv2%2Fcomments&post=67"}],"version-history":[{"count":0,"href":"https:\/\/airclass.es\/index.php?rest_route=\/wp\/v2\/posts\/67\/revisions"}],"wp:attachment":[{"href":"https:\/\/airclass.es\/index.php?rest_route=%2Fwp%2Fv2%2Fmedia&parent=67"}],"wp:term":[{"taxonomy":"category","embeddable":true,"href":"https:\/\/airclass.es\/index.php?rest_route=%2Fwp%2Fv2%2Fcategories&post=67"},{"taxonomy":"post_tag","embeddable":true,"href":"https:\/\/airclass.es\/index.php?rest_route=%2Fwp%2Fv2%2Ftags&post=67"}],"curies":[{"name":"wp","href":"https:\/\/api.w.org\/{rel}","templated":true}]}}